{"id":1698,"date":"2023-08-09T23:20:46","date_gmt":"2023-08-09T21:20:46","guid":{"rendered":"https:\/\/cgmap.org\/?p=1698"},"modified":"2023-08-09T23:22:05","modified_gmt":"2023-08-09T21:22:05","slug":"zaustavimo-napade-na-srebrenicke-borce-za-istinu","status":"publish","type":"post","link":"https:\/\/cgmap.org\/bs\/zaustavimo-napade-na-srebrenicke-borce-za-istinu\/","title":{"rendered":"Zaustavimo napade na srebreni\u010dke borce za istinu"},"content":{"rendered":"\t\t<div data-elementor-type=\"wp-post\" data-elementor-id=\"1698\" class=\"elementor elementor-1698 elementor-1688\">\n\t\t\t\t\t\t<div class=\"elementor-inner\">\n\t\t\t\t<div class=\"elementor-section-wrap\">\n\t\t\t\t\t\t\t\t\t<section class=\"elementor-section elementor-top-section elementor-element elementor-element-81ee03e elementor-section-boxed elementor-section-height-default elementor-section-height-default\" data-id=\"81ee03e\" data-element_type=\"section\">\n\t\t\t\t\t\t<div class=\"elementor-container elementor-column-gap-default\">\n\t\t\t\t\t\t\t<div class=\"elementor-row\">\n\t\t\t\t\t<div class=\"elementor-column elementor-col-100 elementor-top-column elementor-element elementor-element-fc2f978\" data-id=\"fc2f978\" data-element_type=\"column\">\n\t\t\t<div class=\"elementor-column-wrap elementor-element-populated\">\n\t\t\t\t\t\t\t<div class=\"elementor-widget-wrap\">\n\t\t\t\t\t\t<div class=\"elementor-element elementor-element-68daa22 elementor-widget elementor-widget-text-editor\" data-id=\"68daa22\" data-element_type=\"widget\" data-widget_type=\"text-editor.default\">\n\t\t\t\t<div class=\"elementor-widget-container\">\n\t\t\t\t\t\t\t\t<div class=\"elementor-text-editor elementor-clearfix\">\n\t\t\t\t<p><em>Koalicija za prevenciju genocida i masovnih zlo\u010dina na Zapadnom Balkanu koju okuplja sarajevski Centar za postkonfliktna istra\u017eivanja i regionalne organizacije civilnog dru\u0161tva uputile su 4.8. apel i pismo zabrinutosti povodom kontinuiranih napada na uposlenika Memorijalnog centra Srebrenica Edina Ikanovi\u0107a, istaknutog borca za ljudska prava u Republici Srpskoj.<\/em><\/p><p>Podsje\u0107amo, gospodin Ikanovi\u0107 je nakon izrade <a href=\"https:\/\/srebrenicamemorial.org\/assets\/photos\/editor\/_MCS_izvjestaj_2023_BOS.pdf\">Izvje\u0161taja o negiranju genocida u Srebrenici 2023<\/a>, kojeg je Memorijalni centar Srebrenica objavio 2.8., pretrpio niz napada od strane regionalnih i lokalnih medija, uklju\u010duju\u0107i i javnu Radioteleviziju Republike Srpske.<\/p><p><a href=\"https:\/\/cgmap.org\/bs\/\">Koalicija za prevenciju genocida i masovnih zlo\u010dina na Zapadnom Balkanu<\/a> okuplja preko 30 vode\u0107ih organizacija civolnog dru\u0161tva iz regiona, a osnovana je 2017. godine od strane Centra za postkonfliktna istra\u017eivanja i Ureda Ujedinjenih nacija za prevenciju genocida i odgovornost za za\u0161titu radi povezivanja i olak\u0161avanja saradnje me\u0111u organizacijama koje rade u oblastima historijskog sje\u0107anja, prevencije genocida i masovnih zlo\u010dina.<\/p><p>Pismo zabrinutosti prenosimo u cjelosti.<\/p><p><strong>Predmet: Osuda napada na borca za ljudska prava g. Edina Ikanovi\u0107a nakon izrade Izvje\u0161taja o negiranju genocida u Srebrenici 2023. godine, koji je Memorijalni centar Srebrenica objavio 02.08.2023.<\/strong><\/p><p>Mi, dole potpisane organizacije, izra\u017eavamo svoju duboku zabrinutost i nedvosmislenu osudu kontinuiranih napada na gospodina Edina Ikanovi\u0107a, istaknutog borca za ljudska prava u Republici Srpskoj, BiH. Ovi napadi nisu usmjereni na samo gospodina Ikanovi\u0107a, ve\u0107 i Memorijalni centar Srebrenica te podrivaju principe ljudskih prava, slobode govora i me\u0111uetni\u010dke harmonije.<\/p><p>Gospodin Ikanovi\u0107, Bo\u0161njak i povratnik, je dugogodi\u0161nji borac za ljudska prava, a posebno borac za prava Bo\u0161njaka i Hrvata u oblastima pristupa obrazovanju i politi\u010dkih prava unutar entiteta Republika Srpska. Njegova posve\u0107enost istini dodatno se o\u010dituje u njegovom temeljitom istra\u017eivanju i provjeravanju \u010dinjenica la\u017enih vijesti koje kru\u017ee Bosnom i Hercegovinom. On je nezamjenjiva snaga koja se suprotstavlja zlonamjernim uticajima koji nastoje iskriviti istinu i potaknuti podjele.<\/p><p>Gospodin Ikanovi\u0107 posvetio se u protekloj deceniji naporima podizanja svijesti o genocidu, dosljedno zagovaraju\u0107i istinit, transparentan i precizan prikaz historije. Gospodin Ikanovi\u0107 je vi\u0161e od samo aktiviste za ljudska prava. On je otac, povratnik, kom\u0161ija i stup zajednice, po\u0161tovan i divljen kako od svojih bo\u0161nja\u010dkih tako i srpskih kom\u0161ija. Njegovo neumorno u\u010de\u0161\u0107e u inicijativama koje podr\u017eavaju me\u0111uetni\u010dki dijalog u Republici Srpskoj i njegova \u010dvrsta posve\u0107enost toleranciji i pravdi govore mnogo o njegovom karakteru i namjerama.<\/p><p>Na\u017ealost, nedavni napadi na gospodina Ikanovi\u0107a od strane regionalnih i lokalnih medija, uklju\u010duju\u0107i i javnu Radioteleviziju Republike Srpske, stavili su ga u opasnost i u potpunosti su neprihvatljivi. Cilj tih napada je osporiti njegov rad, naru\u0161iti njegovu reputaciju i poticati mr\u017enju prema njemu i njegovoj misiji.<\/p><p><strong>Pozivamo me\u0111unarodnu zajednicu da hitno interveni\u0161e kako bi se osigurala sigurnost gospodina Ikanovi\u0107a, ostalih zaposlenika Memorijalnog centra Srebrenica i povratnika Bo\u0161njaka u Srebrenici koji se suo\u010davaju s politi\u010dkim progonom zbog svog rada i istra\u017eivanja. Svijet ne smije nijemo posmatrati dok su oni koji se bore za pravdu, istinu i pomirenje u opasnosti.<\/strong><\/p><p>Mi stojimo uz gospodina Ikanovi\u0107a i zahtijevamo hitnu akciju kako bi za\u0161titili njega, Memorijalni centar Srebrenica i njihovu neprocjenjivu ulogu za narod Bosne i Hercegovine.<\/p><p><strong>Svi zainteresovani pismo i dalje mogu potpisati pristupom na <\/strong><a href=\"https:\/\/forms.gle\/wEUprhf58CC48s1f8\"><strong>ovaj link<\/strong><\/a><strong>.<\/strong><\/p><p>____________________<\/p><p><em>Organizacije potpisnice: <\/em><\/p><p>&#8211; Centar za postkonfliktna istra\u017eivanja, Sarajevo<\/p><p>&#8211; Jevrejskog kulturno-prosvjetnog i humanitarnog dru\u0161tva &#8220;La Benevolencija&#8221;<\/p><p>&#8211; Centar za mlade KVART, Prijedor<\/p><p>&#8211; The Balkan Forum, Pri\u0161tina<\/p><p>&#8211; Inicijativa mladih za ljudska prava, Zagreb<\/p><p>&#8211; Columbia Univerzitet, Nju Jork<\/p><p>&#8211; Inicijativa mladih za ljudska prava, Podgorica<\/p><p>&#8211; Forum za strate\u0161ka istra\u017eivanja, Sarajevo<\/p><p>&#8211; Inicijativa mladih za ljudska prava, Beograd<\/p><p>&#8211; Humanity in Action, Sarajevo<\/p><p>&#8211; Documenta &#8211; Centar za suo\u010davanje s pro\u0161lo\u0161\u0107u, Zagreb<\/p><p>&#8211; Udru\u017eenje Mre\u017ea za izgradnju mira, Sarajevo<\/p><p>&#8211; Forum civilna mirovna slu\u017eba \u2013 Forum ZFD Sarajevo<\/p>\t\t\t\t\t<\/div>\n\t\t\t\t\t\t<\/div>\n\t\t\t\t<\/div>\n\t\t\t\t\t\t<\/div>\n\t\t\t\t\t<\/div>\n\t\t<\/div>\n\t\t\t\t\t\t\t\t<\/div>\n\t\t\t\t\t<\/div>\n\t\t<\/section>\n\t\t\t\t\t\t\t\t\t<\/div>\n\t\t\t<\/div>\n\t\t\t\t\t<\/div>\n\t\t","protected":false},"excerpt":{"rendered":"<p>Koalicija za prevenciju genocida i masovnih zlo\u010dina na Zapadnom Balkanu koju okuplja sarajevski Centar za postkonfliktna istra\u017eivanja i regionalne organizacije civilnog dru\u0161tva uputile su 4.8. apel i pismo zabrinutosti povodom kontinuiranih napada na uposlenika Memorijalnog centra Srebrenica Edina Ikanovi\u0107a, istaknutog borca za ljudska prava u Republici Srpskoj. Podsje\u0107amo, gospodin Ikanovi\u0107 je nakon izrade Izvje\u0161taja o [&hellip;]<\/p>\n","protected":false},"author":2,"featured_media":1684,"comment_status":"open","ping_status":"open","sticky":false,"template":"","format":"standard","meta":{"_mi_skip_tracking":false},"categories":[3],"tags":[],"yoast_head":"<!-- This site is optimized with the Yoast SEO plugin v18.5.1 - https:\/\/yoast.com\/wordpress\/plugins\/seo\/ -->\n<title>Zaustavimo napade na srebreni\u010dke borce za istinu - cgmap.org<\/title>\n<meta name=\"robots\" content=\"index, follow, max-snippet:-1, max-image-preview:large, max-video-preview:-1\" \/>\n<link rel=\"canonical\" href=\"https:\/\/cgmap.org\/bs\/zaustavimo-napade-na-srebrenicke-borce-za-istinu\/\" \/>\n<meta property=\"og:locale\" content=\"bs_BA\" \/>\n<meta property=\"og:type\" content=\"article\" \/>\n<meta property=\"og:title\" content=\"Zaustavimo napade na srebreni\u010dke borce za istinu - cgmap.org\" \/>\n<meta property=\"og:description\" content=\"Koalicija za prevenciju genocida i masovnih zlo\u010dina na Zapadnom Balkanu koju okuplja sarajevski Centar za postkonfliktna istra\u017eivanja i regionalne organizacije civilnog dru\u0161tva uputile su 4.8. apel i pismo zabrinutosti povodom kontinuiranih napada na uposlenika Memorijalnog centra Srebrenica Edina Ikanovi\u0107a, istaknutog borca za ljudska prava u Republici Srpskoj. Podsje\u0107amo, gospodin Ikanovi\u0107 je nakon izrade Izvje\u0161taja o [&hellip;]\" \/>\n<meta property=\"og:url\" content=\"https:\/\/cgmap.org\/bs\/zaustavimo-napade-na-srebrenicke-borce-za-istinu\/\" \/>\n<meta property=\"og:site_name\" content=\"cgmap.org\" \/>\n<meta property=\"article:published_time\" content=\"2023-08-09T21:20:46+00:00\" \/>\n<meta property=\"article:modified_time\" content=\"2023-08-09T21:22:05+00:00\" \/>\n<meta property=\"og:image\" content=\"https:\/\/cgmap.org\/app\/uploads\/2023\/08\/Naslovna-fotografija-Ilustracija-Arhiv-CPI-2019-1024x683.png\" \/>\n\t<meta property=\"og:image:width\" content=\"1024\" \/>\n\t<meta property=\"og:image:height\" content=\"683\" \/>\n\t<meta property=\"og:image:type\" content=\"image\/png\" \/>\n<meta name=\"twitter:card\" content=\"summary_large_image\" \/>\n<meta name=\"twitter:label1\" content=\"Written by\" \/>\n\t<meta name=\"twitter:data1\" content=\"Tatjana Milovanovi\u0107\" \/>\n\t<meta name=\"twitter:label2\" content=\"Est. reading time\" \/>\n\t<meta name=\"twitter:data2\" content=\"4 minutes\" \/>\n<script type=\"application\/ld+json\" class=\"yoast-schema-graph\">{\"@context\":\"https:\/\/schema.org\",\"@graph\":[{\"@type\":\"WebSite\",\"@id\":\"https:\/\/cgmap.org\/#website\",\"url\":\"https:\/\/cgmap.org\/\",\"name\":\"cgmap.org\",\"description\":\"Koalicija za prevenciju genocida i masovnih zlo\u010dina na Zapadnom Balkanu\",\"potentialAction\":[{\"@type\":\"SearchAction\",\"target\":{\"@type\":\"EntryPoint\",\"urlTemplate\":\"https:\/\/cgmap.org\/?s={search_term_string}\"},\"query-input\":\"required name=search_term_string\"}],\"inLanguage\":\"bs-BA\"},{\"@type\":\"ImageObject\",\"@id\":\"https:\/\/cgmap.org\/bs\/zaustavimo-napade-na-srebrenicke-borce-za-istinu\/#primaryimage\",\"inLanguage\":\"bs-BA\",\"url\":\"https:\/\/cgmap.org\/app\/uploads\/2023\/08\/Naslovna-fotografija-Ilustracija-Arhiv-CPI-2019.png\",\"contentUrl\":\"https:\/\/cgmap.org\/app\/uploads\/2023\/08\/Naslovna-fotografija-Ilustracija-Arhiv-CPI-2019.png\",\"width\":3072,\"height\":2048,\"caption\":\"PCRC Archive, 2018\"},{\"@type\":\"WebPage\",\"@id\":\"https:\/\/cgmap.org\/bs\/zaustavimo-napade-na-srebrenicke-borce-za-istinu\/#webpage\",\"url\":\"https:\/\/cgmap.org\/bs\/zaustavimo-napade-na-srebrenicke-borce-za-istinu\/\",\"name\":\"Zaustavimo napade na srebreni\u010dke borce za istinu - cgmap.org\",\"isPartOf\":{\"@id\":\"https:\/\/cgmap.org\/#website\"},\"primaryImageOfPage\":{\"@id\":\"https:\/\/cgmap.org\/bs\/zaustavimo-napade-na-srebrenicke-borce-za-istinu\/#primaryimage\"},\"datePublished\":\"2023-08-09T21:20:46+00:00\",\"dateModified\":\"2023-08-09T21:22:05+00:00\",\"author\":{\"@id\":\"https:\/\/cgmap.org\/#\/schema\/person\/df7f37c16f8a694251b8689d9cf34975\"},\"breadcrumb\":{\"@id\":\"https:\/\/cgmap.org\/bs\/zaustavimo-napade-na-srebrenicke-borce-za-istinu\/#breadcrumb\"},\"inLanguage\":\"bs-BA\",\"potentialAction\":[{\"@type\":\"ReadAction\",\"target\":[\"https:\/\/cgmap.org\/bs\/zaustavimo-napade-na-srebrenicke-borce-za-istinu\/\"]}]},{\"@type\":\"BreadcrumbList\",\"@id\":\"https:\/\/cgmap.org\/bs\/zaustavimo-napade-na-srebrenicke-borce-za-istinu\/#breadcrumb\",\"itemListElement\":[{\"@type\":\"ListItem\",\"position\":1,\"name\":\"Home\",\"item\":\"https:\/\/cgmap.org\/\"},{\"@type\":\"ListItem\",\"position\":2,\"name\":\"Zaustavimo napade na srebreni\u010dke borce za istinu\"}]},{\"@type\":\"Person\",\"@id\":\"https:\/\/cgmap.org\/#\/schema\/person\/df7f37c16f8a694251b8689d9cf34975\",\"name\":\"Tatjana Milovanovi\u0107\",\"image\":{\"@type\":\"ImageObject\",\"@id\":\"https:\/\/cgmap.org\/#personlogo\",\"inLanguage\":\"bs-BA\",\"url\":\"https:\/\/secure.gravatar.com\/avatar\/678e0089d5d8a489f251c425ad4afe02?s=96&d=mm&r=g\",\"contentUrl\":\"https:\/\/secure.gravatar.com\/avatar\/678e0089d5d8a489f251c425ad4afe02?s=96&d=mm&r=g\",\"caption\":\"Tatjana Milovanovi\u0107\"},\"sameAs\":[\"https:\/\/p-crc.org\"],\"url\":\"https:\/\/cgmap.org\/bs\/author\/tatjana\/\"}]}<\/script>\n<!-- \/ Yoast SEO plugin. -->","yoast_head_json":{"title":"Zaustavimo napade na srebreni\u010dke borce za istinu - cgmap.org","robots":{"index":"index","follow":"follow","max-snippet":"max-snippet:-1","max-image-preview":"max-image-preview:large","max-video-preview":"max-video-preview:-1"},"canonical":"https:\/\/cgmap.org\/bs\/zaustavimo-napade-na-srebrenicke-borce-za-istinu\/","og_locale":"bs_BA","og_type":"article","og_title":"Zaustavimo napade na srebreni\u010dke borce za istinu - cgmap.org","og_description":"Koalicija za prevenciju genocida i masovnih zlo\u010dina na Zapadnom Balkanu koju okuplja sarajevski Centar za postkonfliktna istra\u017eivanja i regionalne organizacije civilnog dru\u0161tva uputile su 4.8. apel i pismo zabrinutosti povodom kontinuiranih napada na uposlenika Memorijalnog centra Srebrenica Edina Ikanovi\u0107a, istaknutog borca za ljudska prava u Republici Srpskoj. Podsje\u0107amo, gospodin Ikanovi\u0107 je nakon izrade Izvje\u0161taja o [&hellip;]","og_url":"https:\/\/cgmap.org\/bs\/zaustavimo-napade-na-srebrenicke-borce-za-istinu\/","og_site_name":"cgmap.org","article_published_time":"2023-08-09T21:20:46+00:00","article_modified_time":"2023-08-09T21:22:05+00:00","og_image":[{"width":1024,"height":683,"url":"https:\/\/cgmap.org\/app\/uploads\/2023\/08\/Naslovna-fotografija-Ilustracija-Arhiv-CPI-2019-1024x683.png","type":"image\/png"}],"twitter_card":"summary_large_image","twitter_misc":{"Written by":"Tatjana Milovanovi\u0107","Est. reading time":"4 minutes"},"schema":{"@context":"https:\/\/schema.org","@graph":[{"@type":"WebSite","@id":"https:\/\/cgmap.org\/#website","url":"https:\/\/cgmap.org\/","name":"cgmap.org","description":"Koalicija za prevenciju genocida i masovnih zlo\u010dina na Zapadnom Balkanu","potentialAction":[{"@type":"SearchAction","target":{"@type":"EntryPoint","urlTemplate":"https:\/\/cgmap.org\/?s={search_term_string}"},"query-input":"required name=search_term_string"}],"inLanguage":"bs-BA"},{"@type":"ImageObject","@id":"https:\/\/cgmap.org\/bs\/zaustavimo-napade-na-srebrenicke-borce-za-istinu\/#primaryimage","inLanguage":"bs-BA","url":"https:\/\/cgmap.org\/app\/uploads\/2023\/08\/Naslovna-fotografija-Ilustracija-Arhiv-CPI-2019.png","contentUrl":"https:\/\/cgmap.org\/app\/uploads\/2023\/08\/Naslovna-fotografija-Ilustracija-Arhiv-CPI-2019.png","width":3072,"height":2048,"caption":"PCRC Archive, 2018"},{"@type":"WebPage","@id":"https:\/\/cgmap.org\/bs\/zaustavimo-napade-na-srebrenicke-borce-za-istinu\/#webpage","url":"https:\/\/cgmap.org\/bs\/zaustavimo-napade-na-srebrenicke-borce-za-istinu\/","name":"Zaustavimo napade na srebreni\u010dke borce za istinu - cgmap.org","isPartOf":{"@id":"https:\/\/cgmap.org\/#website"},"primaryImageOfPage":{"@id":"https:\/\/cgmap.org\/bs\/zaustavimo-napade-na-srebrenicke-borce-za-istinu\/#primaryimage"},"datePublished":"2023-08-09T21:20:46+00:00","dateModified":"2023-08-09T21:22:05+00:00","author":{"@id":"https:\/\/cgmap.org\/#\/schema\/person\/df7f37c16f8a694251b8689d9cf34975"},"breadcrumb":{"@id":"https:\/\/cgmap.org\/bs\/zaustavimo-napade-na-srebrenicke-borce-za-istinu\/#breadcrumb"},"inLanguage":"bs-BA","potentialAction":[{"@type":"ReadAction","target":["https:\/\/cgmap.org\/bs\/zaustavimo-napade-na-srebrenicke-borce-za-istinu\/"]}]},{"@type":"BreadcrumbList","@id":"https:\/\/cgmap.org\/bs\/zaustavimo-napade-na-srebrenicke-borce-za-istinu\/#breadcrumb","itemListElement":[{"@type":"ListItem","position":1,"name":"Home","item":"https:\/\/cgmap.org\/"},{"@type":"ListItem","position":2,"name":"Zaustavimo napade na srebreni\u010dke borce za istinu"}]},{"@type":"Person","@id":"https:\/\/cgmap.org\/#\/schema\/person\/df7f37c16f8a694251b8689d9cf34975","name":"Tatjana Milovanovi\u0107","image":{"@type":"ImageObject","@id":"https:\/\/cgmap.org\/#personlogo","inLanguage":"bs-BA","url":"https:\/\/secure.gravatar.com\/avatar\/678e0089d5d8a489f251c425ad4afe02?s=96&d=mm&r=g","contentUrl":"https:\/\/secure.gravatar.com\/avatar\/678e0089d5d8a489f251c425ad4afe02?s=96&d=mm&r=g","caption":"Tatjana Milovanovi\u0107"},"sameAs":["https:\/\/p-crc.org"],"url":"https:\/\/cgmap.org\/bs\/author\/tatjana\/"}]}},"_links":{"self":[{"href":"https:\/\/cgmap.org\/bs\/wp-json\/wp\/v2\/posts\/1698"}],"collection":[{"href":"https:\/\/cgmap.org\/bs\/wp-json\/wp\/v2\/posts"}],"about":[{"href":"https:\/\/cgmap.org\/bs\/wp-json\/wp\/v2\/types\/post"}],"author":[{"embeddable":true,"href":"https:\/\/cgmap.org\/bs\/wp-json\/wp\/v2\/users\/2"}],"replies":[{"embeddable":true,"href":"https:\/\/cgmap.org\/bs\/wp-json\/wp\/v2\/comments?post=1698"}],"version-history":[{"count":3,"href":"https:\/\/cgmap.org\/bs\/wp-json\/wp\/v2\/posts\/1698\/revisions"}],"predecessor-version":[{"id":1701,"href":"https:\/\/cgmap.org\/bs\/wp-json\/wp\/v2\/posts\/1698\/revisions\/1701"}],"wp:featuredmedia":[{"embeddable":true,"href":"https:\/\/cgmap.org\/bs\/wp-json\/wp\/v2\/media\/1684"}],"wp:attachment":[{"href":"https:\/\/cgmap.org\/bs\/wp-json\/wp\/v2\/media?parent=1698"}],"wp:term":[{"taxonomy":"category","embeddable":true,"href":"https:\/\/cgmap.org\/bs\/wp-json\/wp\/v2\/categories?post=1698"},{"taxonomy":"post_tag","embeddable":true,"href":"https:\/\/cgmap.org\/bs\/wp-json\/wp\/v2\/tags?post=1698"}],"curies":[{"name":"wp","href":"https:\/\/api.w.org\/{rel}","templated":true}]}}